{"id":1128,"date":"2024-06-28T09:46:56","date_gmt":"2024-06-28T07:46:56","guid":{"rendered":"https:\/\/umbria.cultura.gov.it\/?p=1128"},"modified":"2025-03-10T10:31:30","modified_gmt":"2025-03-10T09:31:30","slug":"annarosa-mattei-presenta-la-regina-che-amava-la-liberta-a-spoleto-13-luglio-2024-palazzo-collicola","status":"publish","type":"post","link":"https:\/\/umbria.cultura.gov.it\/?p=1128","title":{"rendered":"Annarosa Mattei presenta &#8220;La regina che amava la libert\u00e0&#8221; a Spoleto &#8211; 13 luglio 2024 Palazzo Collicola"},"content":{"rendered":"<p><img loading=\"lazy\" decoding=\"async\" class=\"aligncenter wp-image-1127\" src=\"https:\/\/umbria.cultura.gov.it\/wp-content\/uploads\/2024\/06\/9b9ebaa5-1622-4d2c-a764-bff163849382-1000x1000.jpg\" alt=\"\" width=\"685\" height=\"685\" srcset=\"https:\/\/umbria.cultura.gov.it\/wp-content\/uploads\/2024\/06\/9b9ebaa5-1622-4d2c-a764-bff163849382-1000x1000.jpg 1000w, https:\/\/umbria.cultura.gov.it\/wp-content\/uploads\/2024\/06\/9b9ebaa5-1622-4d2c-a764-bff163849382-512x512.jpg 512w, https:\/\/umbria.cultura.gov.it\/wp-content\/uploads\/2024\/06\/9b9ebaa5-1622-4d2c-a764-bff163849382-768x768.jpg 768w, https:\/\/umbria.cultura.gov.it\/wp-content\/uploads\/2024\/06\/9b9ebaa5-1622-4d2c-a764-bff163849382-1536x1536.jpg 1536w, https:\/\/umbria.cultura.gov.it\/wp-content\/uploads\/2024\/06\/9b9ebaa5-1622-4d2c-a764-bff163849382-80x80.jpg 80w, https:\/\/umbria.cultura.gov.it\/wp-content\/uploads\/2024\/06\/9b9ebaa5-1622-4d2c-a764-bff163849382.jpg 1600w\" sizes=\"auto, (max-width: 685px) 100vw, 685px\" \/><\/p>\n<p>Annarosa Mattei presenta &#8220;La regina che amava la libert\u00e0&#8221; a Spoleto, presso Palazzo Collicola. Dialogher\u00e0 con Claudio Strinati sabato 13 luglio 2024 alle ore 17.00.<\/p>\n<p>Fin dal momento della sua nascita, Cristina di Svezia \u00e8 destinata a due cose: a essere grande e a essere diversa. Figlia amatissima dell\u2019impetuoso e colto re Gustavo II Adolfo della dinastia dei Vasa, viene educata come un principe, in aperta controtendenza rispetto ai radicati pregiudizi del tempo. Controversa e irriverente, scandalosa e geniale, Cristina scelse di disobbedire alle leggi di un mondo ancora troppo antico per accettare una personalit\u00e0 multiforme come la sua. Regina bambina a soli sei anni, assetata di libri e di cultura, trasform\u00f2 Stoccolma nell\u2019Atene del Nord. Tratt\u00f2 alla pari intellettuali e re ed ebbe tra i suoi maestri Cartesio, il filosofo pi\u00f9 celebrato e discusso d\u2019Europa. Rifiut\u00f2 il matrimonio per essere libera ed elabor\u00f2 il concetto di libert\u00e0 per poter essere se stessa. Tutta la sua vita, sospesa fra governo, intrighi, passioni e meraviglie, fu la personificazione di un ossimoro. Il mondo per\u00f2 non la cap\u00ec mai. Cos\u00ec Cristina prefer\u00ec rinunciare alla corona e trasferirsi a Roma, citt\u00e0 universale di linguaggi e culture diverse, dove fu seconda solo al papa. Annarosa Mattei narra il cammino di una donna che ha segnato l\u2019intero\u00a0<em>Grand Si\u00e8cle<\/em>, il Seicento, con l\u2019audacia di scelte imprevedibili, anomale, enigmatiche. Della mitica Cristina racconta le lotte, l\u2019insofferenza, gli errori, per svelare come abbia recitato\u00a0la sua difficile parte in commedia di regina senza regno oltre ogni convenzione.<\/p>\n<p>&nbsp;<\/p>\n<p><a href=\"https:\/\/www.comune.spoleto.pg.it\/turismoecultura\/2024\/06\/19\/musei-civici-di-spoleto-presentazione-mostre-estive\/\">https:\/\/www.comune.spoleto.pg.it\/turismoecultura\/2024\/06\/19\/musei-civici-di-spoleto-presentazione-mostre-estive\/<\/a><\/p>\n","protected":false},"excerpt":{"rendered":"<p>Annarosa Mattei presenta &#8220;La regina che amava la libert\u00e0&#8221; a Spoleto, presso Palazzo Collicola.<\/p>\n","protected":false},"author":1,"featured_media":1127,"comment_status":"closed","ping_status":"closed","sticky":false,"template":"","format":"standard","meta":{"_bbp_topic_count":0,"_bbp_reply_count":0,"_bbp_total_topic_count":0,"_bbp_total_reply_count":0,"_bbp_voice_count":0,"_bbp_anonymous_reply_count":0,"_bbp_topic_count_hidden":0,"_bbp_reply_count_hidden":0,"_bbp_forum_subforum_count":0,"footnotes":""},"categories":[1],"tags":[219,222,221,190,149,218,150,224,220,217,223],"class_list":["post-1128","post","type-post","status-publish","format-standard","has-post-thumbnail","hentry","category-comunicazioni","tag-annarosa-mattei","tag-claudio-strinati","tag-cristina-di-svezia","tag-eventi","tag-libro","tag-palazzo-collicola","tag-presentazione","tag-regina","tag-roma-barocca","tag-spoleto","tag-storico-dellarte"],"_links":{"self":[{"href":"https:\/\/umbria.cultura.gov.it\/index.php?rest_route=\/wp\/v2\/posts\/1128","targetHints":{"allow":["GET"]}}],"collection":[{"href":"https:\/\/umbria.cultura.gov.it\/index.php?rest_route=\/wp\/v2\/posts"}],"about":[{"href":"https:\/\/umbria.cultura.gov.it\/index.php?rest_route=\/wp\/v2\/types\/post"}],"author":[{"embeddable":true,"href":"https:\/\/umbria.cultura.gov.it\/index.php?rest_route=\/wp\/v2\/users\/1"}],"replies":[{"embeddable":true,"href":"https:\/\/umbria.cultura.gov.it\/index.php?rest_route=%2Fwp%2Fv2%2Fcomments&post=1128"}],"version-history":[{"count":2,"href":"https:\/\/umbria.cultura.gov.it\/index.php?rest_route=\/wp\/v2\/posts\/1128\/revisions"}],"predecessor-version":[{"id":1263,"href":"https:\/\/umbria.cultura.gov.it\/index.php?rest_route=\/wp\/v2\/posts\/1128\/revisions\/1263"}],"wp:featuredmedia":[{"embeddable":true,"href":"https:\/\/umbria.cultura.gov.it\/index.php?rest_route=\/wp\/v2\/media\/1127"}],"wp:attachment":[{"href":"https:\/\/umbria.cultura.gov.it\/index.php?rest_route=%2Fwp%2Fv2%2Fmedia&parent=1128"}],"wp:term":[{"taxonomy":"category","embeddable":true,"href":"https:\/\/umbria.cultura.gov.it\/index.php?rest_route=%2Fwp%2Fv2%2Fcategories&post=1128"},{"taxonomy":"post_tag","embeddable":true,"href":"https:\/\/umbria.cultura.gov.it\/index.php?rest_route=%2Fwp%2Fv2%2Ftags&post=1128"}],"curies":[{"name":"wp","href":"https:\/\/api.w.org\/{rel}","templated":true}]}}