{"id":1035,"date":"2024-02-01T11:21:47","date_gmt":"2024-02-01T10:21:47","guid":{"rendered":"https:\/\/umbria.cultura.gov.it\/?p=1035"},"modified":"2024-05-23T10:02:25","modified_gmt":"2024-05-23T08:02:25","slug":"avviso-pubblico-festival-architettura-iii-edizione-2024-2025-direzione-generale-creativita-contemporanea-dgcc-del-ministero-della-cultura","status":"publish","type":"post","link":"https:\/\/umbria.cultura.gov.it\/?p=1035","title":{"rendered":"Avviso Pubblico Festival Architettura III Edizione 2024-2025 &#8211; Direzione Generale Creativit\u00e0 Contemporanea (DGCC) del Ministero della Cultura"},"content":{"rendered":"<p>La Direzione Generale Creativit\u00e0 Contemporanea (DGCC) del Ministero della Cultura lancia la terza edizione di Festival Architettura, progetto nato nel 2019 per sostenere, promuovere e valorizzare l\u2019architettura contemporanea italiana, attraverso il finanziamento di manifestazioni culturali destinate ad un pubblico ampio e variegato, con un budget totale di 955mila euro.<\/p>\n<p>L\u2019iniziativa &#8211; sotto forma di avviso pubblico &#8211; mira a supportare la diffusione tra tutti i cittadini dell\u2019importanza del ruolo dell\u2019architettura contemporanea per il progresso civile, sociale ed<br \/>\neconomico del Paese e ad attivare processi innovativi e partecipati nell\u2019ambito della qualit\u00e0 dell\u2019architettura, dell\u2019urbanistica e della rigenerazione urbana. Prevede, inoltre, l\u2019inclusione di<br \/>\nattivit\u00e0 da realizzare all\u2019estero &#8211; attraverso la creazione di reti internazionali e di percorsi di formazione &#8211; con cui diffondere la conoscenza dell\u2019architettura italiana contemporanea fuori dai<br \/>\nconfini nazionali.<\/p>\n<p>Cos\u00ec il Direttore Generale Creativit\u00e0 Contemporanea del Ministero della Cultura Angelo Piero Cappello: &#8220;Il progetto del Festival Architettura \u00e8 stato sviluppato e ampliato tenendo conto della<br \/>\nConvenzione di Faro del 2005, della Dichiarazione di Davos del 2018, dell\u2019Agenda 2030 per lo Sviluppo Sostenibile e dei principi ispiratori del Nuovo Bauhaus, con l\u2019intento di promuovere la<br \/>\nsostenibilit\u00e0, la partecipazione e l\u2019accesso al patrimonio culturale e architettonico, nonch\u00e9 la cooperazione internazionale per affrontare le sfide globali. Dopo il positivo riscontro della seconda<br \/>\nedizione, si \u00e8 deciso quindi di confermare struttura dell\u2019avviso pubblico e obiettivi strategici: qualit\u00e0, internazionalizzazione, sostenibilit\u00e0&#8221;.<\/p>\n<p>Festival Architettura finanzia proposte volte a promuovere:<br \/>\n&#8211; in ambito nazionale, la realizzazione di manifestazioni culturali relative all\u2019architettura contemporanea mediante il supporto di una ricerca critica e curatoriale di qualit\u00e0 e la<br \/>\npartecipazione degli stakeholder istituzionali e delle comunit\u00e0 locali;<br \/>\n&#8211; in ambito internazionale, la conoscenza dell\u2019architettura italiana contemporanea attraverso l\u2019attivazione di reti internazionali, di percorsi di formazione e la divulgazione<br \/>\ndi progetti significativi.<\/p>\n<p>I progetti di Festival Architettura dovranno svolgersi tra il 1 e il 30 aprile 2025; tutte le attivit\u00e0 inerenti alla valorizzazione dell\u2019architettura italiana all\u2019estero possono essere svolte dal giorno<br \/>\nsuccessivo alla pubblicazione della graduatoria e concluse entro e non oltre il 15 ottobre 2025.<\/p>\n<p>L\u2019avviso pubblico e gli allegati sono pubblicati sul sito istituzionale della DGCC al seguente link:<\/p>\n<p><a href=\"https:\/\/creativitacontemporanea.cultura.gov.it\/festivalarchitettura-edizione3\/\">https:\/\/creativitacontemporanea.cultura.gov.it\/festivalarchitettura-edizione3\/<\/a><\/p>\n<p>Come indicato dall\u2019avviso pubblico, la presentazione delle proposte dovr\u00e0 essere compilata esclusivamente utilizzando il Portale Bandi della Direzione Generale Creativit\u00e0 Contemporanea,<br \/>\naccessibile a questo link: <a href=\"https:\/\/portalebandidgcc.cultura.gov.it\/\">https:\/\/portalebandidgcc.cultura.gov.it\/<\/a> dalle ore 10:00 del 22 febbraio 2024 fino alle ore 16:00 del 16 aprile 2024.<\/p>\n<p>Per ulteriori informazioni scrivere a <a href=\"mailto:festivalarchitettura@cultura.gov.it\">festivalarchitettura@cultura.gov.it<\/a><\/p>\n<p>&nbsp;<\/p>\n","protected":false},"excerpt":{"rendered":"<p>La Direzione Generale Creativit\u00e0 Contemporanea (DGCC) del Ministero della Cultura lancia la terza edizione di Festival Architettura, progetto nato nel 2019 per sostenere, promuovere e valorizzare l\u2019architettura contemporanea italiana, attraverso il finanziamento di manifestazioni culturali destinate ad un pubblico ampio e variegato, con un budget totale di 955mila euro.<\/p>\n","protected":false},"author":1,"featured_media":1038,"comment_status":"closed","ping_status":"closed","sticky":false,"template":"","format":"standard","meta":{"_bbp_topic_count":0,"_bbp_reply_count":0,"_bbp_total_topic_count":0,"_bbp_total_reply_count":0,"_bbp_voice_count":0,"_bbp_anonymous_reply_count":0,"_bbp_topic_count_hidden":0,"_bbp_reply_count_hidden":0,"_bbp_forum_subforum_count":0,"footnotes":""},"categories":[1],"tags":[103,168,165,166,102,167,86,87],"class_list":["post-1035","post","type-post","status-publish","format-standard","has-post-thumbnail","hentry","category-comunicazioni","tag-architettura","tag-avviso-pubblico","tag-dgcc","tag-direzione-generale-creativita-contemporanea","tag-festival","tag-festivalarchitettura","tag-mic","tag-ministero-della-cultura"],"_links":{"self":[{"href":"https:\/\/umbria.cultura.gov.it\/index.php?rest_route=\/wp\/v2\/posts\/1035","targetHints":{"allow":["GET"]}}],"collection":[{"href":"https:\/\/umbria.cultura.gov.it\/index.php?rest_route=\/wp\/v2\/posts"}],"about":[{"href":"https:\/\/umbria.cultura.gov.it\/index.php?rest_route=\/wp\/v2\/types\/post"}],"author":[{"embeddable":true,"href":"https:\/\/umbria.cultura.gov.it\/index.php?rest_route=\/wp\/v2\/users\/1"}],"replies":[{"embeddable":true,"href":"https:\/\/umbria.cultura.gov.it\/index.php?rest_route=%2Fwp%2Fv2%2Fcomments&post=1035"}],"version-history":[{"count":5,"href":"https:\/\/umbria.cultura.gov.it\/index.php?rest_route=\/wp\/v2\/posts\/1035\/revisions"}],"predecessor-version":[{"id":1041,"href":"https:\/\/umbria.cultura.gov.it\/index.php?rest_route=\/wp\/v2\/posts\/1035\/revisions\/1041"}],"wp:featuredmedia":[{"embeddable":true,"href":"https:\/\/umbria.cultura.gov.it\/index.php?rest_route=\/wp\/v2\/media\/1038"}],"wp:attachment":[{"href":"https:\/\/umbria.cultura.gov.it\/index.php?rest_route=%2Fwp%2Fv2%2Fmedia&parent=1035"}],"wp:term":[{"taxonomy":"category","embeddable":true,"href":"https:\/\/umbria.cultura.gov.it\/index.php?rest_route=%2Fwp%2Fv2%2Fcategories&post=1035"},{"taxonomy":"post_tag","embeddable":true,"href":"https:\/\/umbria.cultura.gov.it\/index.php?rest_route=%2Fwp%2Fv2%2Ftags&post=1035"}],"curies":[{"name":"wp","href":"https:\/\/api.w.org\/{rel}","templated":true}]}}